 
 {"id":5578,"date":"2019-11-21T17:32:23","date_gmt":"2019-11-21T16:32:23","guid":{"rendered":"https:\/\/atelier-filmfest.com\/?p=5578"},"modified":"2021-03-24T21:27:34","modified_gmt":"2021-03-24T20:27:34","slug":"atelier-musique-a-limage","status":"publish","type":"post","link":"https:\/\/atelier-filmfest.com\/archives\/atelier-musique-a-limage\/","title":{"rendered":"Atelier musique \u00e0 l&rsquo;image"},"content":{"rendered":"<p>Durant le Festival, la classe de Musique \u00e0 l\u2019Image du <strong><a href=\"https:\/\/atelier-filmfest.com\/cnsm-de-lyon\/\" target=\"_blank\" rel=\"noopener noreferrer\">Conservatoire National Sup\u00e9rieur de Musique et de Danse de Lyon<\/a><\/strong> participe \u00e0 L\u2019Atelier, l&rsquo;\u00e9cole \u00e9ph\u00e9m\u00e8re du Cin\u00e9ma, durant lequel elle propose de faire d\u00e9couvrir au plus grand nombre les coulisses du m\u00e9tier de compositeur pour l\u2019image. A cette occasion sera recr\u00e9\u00e9 les conditions d\u2019un enregistrement professionnel, pr\u00e9sentant toutes les \u00e9tapes de travail, de l\u2019enregistrement, en passant par le montage et le mixage des musiques. Pour se faire elle travaillera avec le concours de jeunes instrumentistes du <strong><a href=\"https:\/\/atelier-filmfest.com\/conservatoire-emmanuel-chabrier\/\" target=\"_blank\" rel=\"noopener noreferrer\">CRR<\/a><\/strong> de Clermont-Ferrand sous la conduite d\u2019Hugo Villa, musicien professionnel.<\/p>\n<hr>\n<h6><strong>Photos de l\u2019Atelier musique \u00e0 l\u2019image de l\u2019\u00e9dition 2020 :&nbsp;<\/strong><\/h6>\n<!-- Rendered by FancyBox without labels BEGIN -->\n\n\t<style type=\"text\/css\">\n\t\t\t\t\t#gallery-0 {\n\t\t\t\t\t\tmargin: auto;\n\t\t\t\t\t}\n\t\t\t\t\t#gallery-0 .gallery-item {\n\t\t\t\t\t\tfloat: left;\n\t\t\t\t\t\tmargin-top: 10px;\n\t\t\t\t\t\ttext-align: center;\n\t\t\t\t\t\twidth: 32%;\n\t\t\t\t\t}\n\t\t\t\t\t#gallery-0 img {\n\t\t\t\t\t\tborder: 2px solid #cfcfcf;\n\t\t\t\t\t}\n\t\t\t\t\t#gallery-0 .gallery-caption {\n\t\t\t\t\t\tmargin-left: 0;\n\t\t\t\t\t}\n\t<\/style>\n<script type=\"text\/javascript\">\n$(document).ready(function() {\n\t\/*\n\t *  Simple image gallery. Uses default settings\n\t *\/\n\n\t$(\".fancybox\").fancybox({\n\t\t\"transitionIn\"\t\t: \"none\",\n\t\t\"transitionOut\"\t\t: \"none\",\n\t\t\"titlePosition\" \t: \"over\"\n\n\t});\n});\n<\/script>\n\n\t<div id=\"gallery-0\" class=\"gallery galleryid-0 gallery-size-thumbnail\" style=\"\"><dl class=\"gallery-item\"><dt class=\"gallery-icon\">\n\t\t<a class=\"fancybox\" href=\"https:\/\/atelier-filmfest.com\/archives\/wp-content\/uploads\/2019\/11\/DSC_0933-683x1024.jpg\" rel=\"gallery-0\"><img width=\"150\" height=\"150\" class=\"attachment-thumbnail\" alt=\"\" src=\"https:\/\/atelier-filmfest.com\/archives\/wp-content\/uploads\/2019\/11\/DSC_0933-150x150.jpg\" \/><\/a><\/dt><\/dl>\n\n<dl class=\"gallery-item\"><dt class=\"gallery-icon\">\n\t\t<a class=\"fancybox\" href=\"https:\/\/atelier-filmfest.com\/archives\/wp-content\/uploads\/2019\/11\/DSC_0926-683x1024.jpg\" rel=\"gallery-0\"><img width=\"150\" height=\"150\" class=\"attachment-thumbnail\" alt=\"\" src=\"https:\/\/atelier-filmfest.com\/archives\/wp-content\/uploads\/2019\/11\/DSC_0926-150x150.jpg\" \/><\/a><\/dt><\/dl>\n\n<dl class=\"gallery-item\"><dt class=\"gallery-icon\">\n\t\t<a class=\"fancybox\" href=\"https:\/\/atelier-filmfest.com\/archives\/wp-content\/uploads\/2019\/11\/\u220fLYCEE_LAFAYETTE-3001-1024x684.jpg\" rel=\"gallery-0\"><img width=\"150\" height=\"150\" class=\"attachment-thumbnail\" alt=\"\" src=\"https:\/\/atelier-filmfest.com\/archives\/wp-content\/uploads\/2019\/11\/\u220fLYCEE_LAFAYETTE-3001-150x150.jpg\" \/><\/a><\/dt><\/dl>\n\n<dl class=\"gallery-item\"><dt class=\"gallery-icon\">\n\t\t<a class=\"fancybox\" href=\"https:\/\/atelier-filmfest.com\/archives\/wp-content\/uploads\/2019\/11\/DSC_3395-1024x684.jpg\" rel=\"gallery-0\"><img width=\"150\" height=\"150\" class=\"attachment-thumbnail\" alt=\"\" src=\"https:\/\/atelier-filmfest.com\/archives\/wp-content\/uploads\/2019\/11\/DSC_3395-150x150.jpg\" \/><\/a><\/dt><\/dl>\n\n<dl class=\"gallery-item\"><dt class=\"gallery-icon\">\n\t\t<a class=\"fancybox\" href=\"https:\/\/atelier-filmfest.com\/archives\/wp-content\/uploads\/2019\/11\/\u220fLYCEE_LAFAYETTE-3006-1024x684.jpg\" rel=\"gallery-0\"><img width=\"150\" height=\"150\" class=\"attachment-thumbnail\" alt=\"\" src=\"https:\/\/atelier-filmfest.com\/archives\/wp-content\/uploads\/2019\/11\/\u220fLYCEE_LAFAYETTE-3006-150x150.jpg\" \/><\/a><\/dt><\/dl>\n\n<dl class=\"gallery-item\"><dt class=\"gallery-icon\">\n\t\t<a class=\"fancybox\" href=\"https:\/\/atelier-filmfest.com\/archives\/wp-content\/uploads\/2019\/11\/DSC_2899-1024x684.jpg\" rel=\"gallery-0\"><img width=\"150\" height=\"150\" class=\"attachment-thumbnail\" alt=\"\" src=\"https:\/\/atelier-filmfest.com\/archives\/wp-content\/uploads\/2019\/11\/DSC_2899-150x150.jpg\" \/><\/a><\/dt><\/dl>\n\n<dl class=\"gallery-item\"><dt class=\"gallery-icon\">\n\t\t<a class=\"fancybox\" href=\"https:\/\/atelier-filmfest.com\/archives\/wp-content\/uploads\/2019\/11\/DSC_2886-1024x684.jpg\" rel=\"gallery-0\"><img width=\"150\" height=\"150\" class=\"attachment-thumbnail\" alt=\"\" src=\"https:\/\/atelier-filmfest.com\/archives\/wp-content\/uploads\/2019\/11\/DSC_2886-150x150.jpg\" \/><\/a><\/dt><\/dl>\n\n<dl class=\"gallery-item\"><dt class=\"gallery-icon\">\n\t\t<a class=\"fancybox\" href=\"https:\/\/atelier-filmfest.com\/archives\/wp-content\/uploads\/2019\/11\/DSC_2892-1024x684.jpg\" rel=\"gallery-0\"><img width=\"150\" height=\"150\" class=\"attachment-thumbnail\" alt=\"\" src=\"https:\/\/atelier-filmfest.com\/archives\/wp-content\/uploads\/2019\/11\/DSC_2892-150x150.jpg\" \/><\/a><\/dt><\/dl>\n\n<dl class=\"gallery-item\"><dt class=\"gallery-icon\">\n\t\t<a class=\"fancybox\" href=\"https:\/\/atelier-filmfest.com\/archives\/wp-content\/uploads\/2019\/11\/DSC_2898-1024x684.jpg\" rel=\"gallery-0\"><img width=\"150\" height=\"150\" class=\"attachment-thumbnail\" alt=\"\" src=\"https:\/\/atelier-filmfest.com\/archives\/wp-content\/uploads\/2019\/11\/DSC_2898-150x150.jpg\" \/><\/a><\/dt><\/dl>\n\n<\/div><br clear=\"all\" \/><!-- Rendered by FancyBox without labels END -->\n\n","protected":false},"excerpt":{"rendered":"<p>Durant le Festival, la classe de Musique \u00e0 l\u2019Image du Conservatoire National Sup\u00e9rieur de Musique et de Danse de Lyon participe \u00e0 L\u2019Atelier, l&rsquo;\u00e9cole \u00e9ph\u00e9m\u00e8re du Cin\u00e9ma, durant lequel elle propose de faire d\u00e9couvrir au plus grand nombre les coulisses du m\u00e9tier de compositeur pour l\u2019image. A cette occasion sera&#8230;<\/p>\n<p><a class='more-link' href='https:\/\/atelier-filmfest.com\/archives\/atelier-musique-a-limage\/'><span class='screen-reader-text'>Atelier musique \u00e0 l&rsquo;image<\/span><\/a><\/p>","protected":false},"author":8,"featured_media":5482,"comment_status":"closed","ping_status":"open","sticky":false,"template":"","format":"standard","meta":[],"categories":[54],"tags":[],"_links":{"self":[{"href":"https:\/\/atelier-filmfest.com\/archives\/wp-json\/wp\/v2\/posts\/5578"}],"collection":[{"href":"https:\/\/atelier-filmfest.com\/archives\/wp-json\/wp\/v2\/posts"}],"about":[{"href":"https:\/\/atelier-filmfest.com\/archives\/wp-json\/wp\/v2\/types\/post"}],"author":[{"embeddable":true,"href":"https:\/\/atelier-filmfest.com\/archives\/wp-json\/wp\/v2\/users\/8"}],"replies":[{"embeddable":true,"href":"https:\/\/atelier-filmfest.com\/archives\/wp-json\/wp\/v2\/comments?post=5578"}],"version-history":[{"count":5,"href":"https:\/\/atelier-filmfest.com\/archives\/wp-json\/wp\/v2\/posts\/5578\/revisions"}],"predecessor-version":[{"id":6021,"href":"https:\/\/atelier-filmfest.com\/archives\/wp-json\/wp\/v2\/posts\/5578\/revisions\/6021"}],"wp:featuredmedia":[{"embeddable":true,"href":"https:\/\/atelier-filmfest.com\/archives\/wp-json\/wp\/v2\/media\/5482"}],"wp:attachment":[{"href":"https:\/\/atelier-filmfest.com\/archives\/wp-json\/wp\/v2\/media?parent=5578"}],"wp:term":[{"taxonomy":"category","embeddable":true,"href":"https:\/\/atelier-filmfest.com\/archives\/wp-json\/wp\/v2\/categories?post=5578"},{"taxonomy":"post_tag","embeddable":true,"href":"https:\/\/atelier-filmfest.com\/archives\/wp-json\/wp\/v2\/tags?post=5578"}],"curies":[{"name":"wp","href":"https:\/\/api.w.org\/{rel}","templated":true}]}}