 
 {"id":5585,"date":"2019-11-21T17:46:31","date_gmt":"2019-11-21T16:46:31","guid":{"rendered":"https:\/\/atelier-filmfest.com\/?p=5585"},"modified":"2021-03-24T21:27:34","modified_gmt":"2021-03-24T20:27:34","slug":"atelier-jeu-dacteur-4","status":"publish","type":"post","link":"https:\/\/atelier-filmfest.com\/archives\/atelier-jeu-dacteur-4\/","title":{"rendered":"Atelier Jeu d&rsquo;acteur"},"content":{"rendered":"<p>Durant le festival de Clermont-Ferrand et pour la huiti\u00e8me ann\u00e9e cons\u00e9cutive le d\u00e9partement cin\u00e9ma de<strong><a href=\"https:\/\/atelier-filmfest.com\/ecal-3-2\/\" target=\"_blank\" rel=\"noopener noreferrer\"> l\u2019ECAL<\/a><\/strong> invite un.e r\u00e9alisateur.trice de renom pour encadrer un atelier ayant pour objet la direction d\u2019acteurs et actrices au cin\u00e9ma.<\/p>\n<p>Pendant cinq jours, sous son regard et avec sa participation active, des \u00e9tudiant.e.s en r\u00e9alisation de l\u2019ECAL \u201cexp\u00e9rimenteront\u201d avec des \u00e9tudiant.e.s du <a href=\"https:\/\/atelier-filmfest.com\/conservatoire-emmanuel-chabrier\/\" target=\"_blank\" rel=\"noopener noreferrer\"><strong>Conservatoire National<\/strong><\/a> de Clermont Ferrand.<\/p>\n<p>&nbsp;<\/p>\n<p><img decoding=\"async\" loading=\"lazy\" class=\"size-medium wp-image-5650 aligncenter\" src=\"https:\/\/atelier-filmfest.com\/archives\/wp-content\/uploads\/2019\/11\/image1-300x300.png\" alt=\"\" width=\"300\" height=\"300\" srcset=\"https:\/\/atelier-filmfest.com\/archives\/wp-content\/uploads\/2019\/11\/image1-300x300.png 300w, https:\/\/atelier-filmfest.com\/archives\/wp-content\/uploads\/2019\/11\/image1-150x150.png 150w, https:\/\/atelier-filmfest.com\/archives\/wp-content\/uploads\/2019\/11\/image1-768x768.png 768w, https:\/\/atelier-filmfest.com\/archives\/wp-content\/uploads\/2019\/11\/image1-1024x1024.png 1024w, https:\/\/atelier-filmfest.com\/archives\/wp-content\/uploads\/2019\/11\/image1-350x350.png 350w, https:\/\/atelier-filmfest.com\/archives\/wp-content\/uploads\/2019\/11\/image1.png 1512w\" sizes=\"(max-width: 300px) 100vw, 300px\" \/><\/p>\n<p style=\"text-align: center;\"><strong>Camille Vidal-Naquet<\/strong><\/p>\n<p>Cette ann\u00e9e, c\u2019est le r\u00e9alisateur Camille Vidal-Naquet qui nous fera l\u2019honneur de sa pr\u00e9sence et qui encadrera l&rsquo;atelier.<\/p>\n<p>Il est le r\u00e9alisateur des films suivants :<br \/>\nCourts m\u00e9trages :<\/p>\n<ul>\n<li>1996 : G\u00e9nie<\/li>\n<li>2001 : Backstage<\/li>\n<li>2014 : Mauvaise T\u00eate<\/li>\n<\/ul>\n<p>Long m\u00e9trage :<\/p>\n<ul>\n<li>2018 : Sauvage<\/li>\n<\/ul>\n<p>&nbsp;<\/p>\n","protected":false},"excerpt":{"rendered":"<p>Durant le festival de Clermont-Ferrand et pour la huiti\u00e8me ann\u00e9e cons\u00e9cutive le d\u00e9partement cin\u00e9ma de l\u2019ECAL invite un.e r\u00e9alisateur.trice de renom pour encadrer un atelier ayant pour objet la direction d\u2019acteurs et actrices au cin\u00e9ma. Pendant cinq jours, sous son regard et avec sa participation active, des \u00e9tudiant.e.s en r\u00e9alisation&#8230;<\/p>\n<p><a class='more-link' href='https:\/\/atelier-filmfest.com\/archives\/atelier-jeu-dacteur-4\/'><span class='screen-reader-text'>Atelier Jeu d&rsquo;acteur<\/span><\/a><\/p>","protected":false},"author":8,"featured_media":5508,"comment_status":"closed","ping_status":"open","sticky":false,"template":"","format":"standard","meta":[],"categories":[54],"tags":[],"_links":{"self":[{"href":"https:\/\/atelier-filmfest.com\/archives\/wp-json\/wp\/v2\/posts\/5585"}],"collection":[{"href":"https:\/\/atelier-filmfest.com\/archives\/wp-json\/wp\/v2\/posts"}],"about":[{"href":"https:\/\/atelier-filmfest.com\/archives\/wp-json\/wp\/v2\/types\/post"}],"author":[{"embeddable":true,"href":"https:\/\/atelier-filmfest.com\/archives\/wp-json\/wp\/v2\/users\/8"}],"replies":[{"embeddable":true,"href":"https:\/\/atelier-filmfest.com\/archives\/wp-json\/wp\/v2\/comments?post=5585"}],"version-history":[{"count":2,"href":"https:\/\/atelier-filmfest.com\/archives\/wp-json\/wp\/v2\/posts\/5585\/revisions"}],"predecessor-version":[{"id":6022,"href":"https:\/\/atelier-filmfest.com\/archives\/wp-json\/wp\/v2\/posts\/5585\/revisions\/6022"}],"wp:featuredmedia":[{"embeddable":true,"href":"https:\/\/atelier-filmfest.com\/archives\/wp-json\/wp\/v2\/media\/5508"}],"wp:attachment":[{"href":"https:\/\/atelier-filmfest.com\/archives\/wp-json\/wp\/v2\/media?parent=5585"}],"wp:term":[{"taxonomy":"category","embeddable":true,"href":"https:\/\/atelier-filmfest.com\/archives\/wp-json\/wp\/v2\/categories?post=5585"},{"taxonomy":"post_tag","embeddable":true,"href":"https:\/\/atelier-filmfest.com\/archives\/wp-json\/wp\/v2\/tags?post=5585"}],"curies":[{"name":"wp","href":"https:\/\/api.w.org\/{rel}","templated":true}]}}