 
 {"id":5595,"date":"2019-11-27T15:07:53","date_gmt":"2019-11-27T14:07:53","guid":{"rendered":"https:\/\/atelier-filmfest.com\/?p=5595"},"modified":"2021-03-24T21:27:34","modified_gmt":"2021-03-24T20:27:34","slug":"atelier-realite-virtuelle-sauve-qui-peut-la-vr","status":"publish","type":"post","link":"https:\/\/atelier-filmfest.com\/archives\/atelier-realite-virtuelle-sauve-qui-peut-la-vr\/","title":{"rendered":"Atelier r\u00e9alit\u00e9 virtuelle : Sauve qui peut la VR"},"content":{"rendered":"<p>Du lundi 3 au vendredi 7 f\u00e9vrier 2020 de 10h \u00e0 12h et de 14h \u00e0 16h.<\/p>\n<p>Festivals Connexion a collabor\u00e9 avec les festivals d\u2019Annecy, de Clermont-Ferrand et de Roanne pour d\u00e9fendre l\u2019id\u00e9e d\u2019un mat\u00e9riel VR collaboratif pour les festivals r\u00e9gionaux. La r\u00e9gion Auvergne-Rh\u00f4ne-Alpes et la DRAC ont soutenu ce projet, permettant de proposer un parc de casques de r\u00e9alit\u00e9 virtuelle connect\u00e9s en r\u00e9seau pour un meilleur confort d\u2019utilisation, ce gr\u00e2ce \u00e0 l\u2019appui de la soci\u00e9t\u00e9 Hyperfiction.<\/p>\n<p>Ainsi est propos\u00e9 \u00e0 l\u2019Atelier un espace VR pour les scolaires pour d\u00e9couvrir Gymnasia, de F\u00e9lix &amp; Paul studio, un film immersif et interactif.<\/p>\n<p><strong><a href=\"https:\/\/www.felixandpaul.com\/?projects\/gym\/credits\" target=\"_blank\" rel=\"noopener noreferrer\">Gymnasia<\/a><\/strong> est un film de <strong><a href=\"http:\/\/my.clermont-filmfest.com\/index.php?m=106&amp;c=4&amp;o=&amp;id_pers=100253583&amp;o=155\" target=\"_blank\" rel=\"noopener noreferrer\">Chris Lavis<\/a><\/strong> et<strong> <a href=\"http:\/\/my.clermont-filmfest.com\/index.php?m=106&amp;c=4&amp;o=155&amp;id_pers=100253584\" target=\"_blank\" rel=\"noopener noreferrer\">Maciek Szczerbowski<\/a><\/strong>, les auteurs des tr\u00e8s remarqu\u00e9s <strong><a href=\"http:\/\/my.clermont-filmfest.com\/index.php?m=106&amp;c=3&amp;id_film=100065365&amp;o=155\" target=\"_blank\" rel=\"noopener noreferrer\">Madame Tutli-Putli<\/a><\/strong> et <strong><a href=\"http:\/\/my.clermont-filmfest.com\/index.php?m=106&amp;c=3&amp;id_film=200014225&amp;o=155\" target=\"_blank\" rel=\"noopener noreferrer\">Higglety Pigglety Pop&nbsp;!<\/a><\/strong> films en stop motion s\u00e9lectionn\u00e9s au festival de Clermont-Ferrand en 2008 et 2011, Madame Tutli-Putli ayant aussi obtenu l\u2019Oscar du meilleur film d\u2019animation.<\/p>\n<p>Pour ce film immersif et l\u00e9g\u00e8rement interactif, Chris Lavis et Maciek Szczerbowski&nbsp;nous plongent dans l\u2019univers onirique, troublant et d\u2019une grande beaut\u00e9 d\u2019une \u00e9cole abandonn\u00e9e. Ils ont eu la prouesse de faire un film VR avec des marionnettes anim\u00e9es, ce qui est la premi\u00e8re production en stop motion pour une exp\u00e9rience VR. A signaler \u00e9galement la musique de Patrick Watson et le design sonore du studio Headspace Studio qui participent \u00e0 l\u2019ambiance sur\u00e9elle de l\u2019exp\u00e9rience immersive.<\/p>\n<p>Gymnasia sera visible sur des casques Occulus Go pour les scolaires.<\/p>\n<p><span class=\"\">En compl\u00e9ment, sur un casques HTC Vive, il sera possible de visionner <\/span><strong><a class=\"\" href=\"https:\/\/www.youtube.com\/watch?v=UpFJrmPuFeM\" target=\"_blank\" rel=\"noopener noreferrer\"><span class=\"\">Gloomy eyes<\/span><\/a><\/strong><span class=\"\">, un film immersif et interactif de Jorge Tereso et Fernado Maldonado, production du studio Atlas, financ\u00e9 par la R\u00e9gion Auvergne-Rh\u00f4ne-Alpes. Gloomy eyes est un enfant mi-humain, mi-zombie, qui cherche sa place dans un univers de nuit perp\u00e9tuelle. Ce film est immersif et interactif.<\/span><\/p>\n<hr>\n<p><strong>Photos de l&rsquo;Atelier VR de l&rsquo;\u00e9dition 2020 :<\/strong><\/p>\n<!-- Rendered by FancyBox without labels BEGIN -->\n\n\t<style type=\"text\/css\">\n\t\t\t\t\t#gallery-0 {\n\t\t\t\t\t\tmargin: auto;\n\t\t\t\t\t}\n\t\t\t\t\t#gallery-0 .gallery-item {\n\t\t\t\t\t\tfloat: left;\n\t\t\t\t\t\tmargin-top: 10px;\n\t\t\t\t\t\ttext-align: center;\n\t\t\t\t\t\twidth: 32%;\n\t\t\t\t\t}\n\t\t\t\t\t#gallery-0 img {\n\t\t\t\t\t\tborder: 2px solid #cfcfcf;\n\t\t\t\t\t}\n\t\t\t\t\t#gallery-0 .gallery-caption {\n\t\t\t\t\t\tmargin-left: 0;\n\t\t\t\t\t}\n\t<\/style>\n<script type=\"text\/javascript\">\n$(document).ready(function() {\n\t\/*\n\t *  Simple image gallery. Uses default settings\n\t *\/\n\n\t$(\".fancybox\").fancybox({\n\t\t\"transitionIn\"\t\t: \"none\",\n\t\t\"transitionOut\"\t\t: \"none\",\n\t\t\"titlePosition\" \t: \"over\"\n\n\t});\n});\n<\/script>\n\n\t<div id=\"gallery-0\" class=\"gallery galleryid-0 gallery-size-thumbnail\" style=\"\"><dl class=\"gallery-item\"><dt class=\"gallery-icon\">\n\t\t<a class=\"fancybox\" href=\"https:\/\/atelier-filmfest.com\/archives\/wp-content\/uploads\/2019\/11\/Atelier_-23-copie-1024x683.jpg\" rel=\"gallery-0\"><img width=\"150\" height=\"150\" class=\"attachment-thumbnail\" alt=\"\" src=\"https:\/\/atelier-filmfest.com\/archives\/wp-content\/uploads\/2019\/11\/Atelier_-23-copie-150x150.jpg\" \/><\/a><\/dt><\/dl>\n\n<dl class=\"gallery-item\"><dt class=\"gallery-icon\">\n\t\t<a class=\"fancybox\" href=\"https:\/\/atelier-filmfest.com\/archives\/wp-content\/uploads\/2019\/11\/P1080519-copie-1024x576.jpg\" rel=\"gallery-0\"><img width=\"150\" height=\"150\" class=\"attachment-thumbnail\" alt=\"\" src=\"https:\/\/atelier-filmfest.com\/archives\/wp-content\/uploads\/2019\/11\/P1080519-copie-150x150.jpg\" \/><\/a><\/dt><\/dl>\n\n<dl class=\"gallery-item\"><dt class=\"gallery-icon\">\n\t\t<a class=\"fancybox\" href=\"https:\/\/atelier-filmfest.com\/archives\/wp-content\/uploads\/2019\/11\/DSC_2717-copie-1024x684.jpeg\" rel=\"gallery-0\"><img width=\"150\" height=\"150\" class=\"attachment-thumbnail\" alt=\"\" src=\"https:\/\/atelier-filmfest.com\/archives\/wp-content\/uploads\/2019\/11\/DSC_2717-copie-150x150.jpeg\" \/><\/a><\/dt><\/dl>\n\n<dl class=\"gallery-item\"><dt class=\"gallery-icon\">\n\t\t<a class=\"fancybox\" href=\"https:\/\/atelier-filmfest.com\/archives\/wp-content\/uploads\/2019\/11\/IMG-20200205-WA0011.jpg\" rel=\"gallery-0\"><img width=\"150\" height=\"150\" class=\"attachment-thumbnail\" alt=\"\" src=\"https:\/\/atelier-filmfest.com\/archives\/wp-content\/uploads\/2019\/11\/IMG-20200205-WA0011-150x150.jpg\" \/><\/a><\/dt><\/dl>\n\n<dl class=\"gallery-item\"><dt class=\"gallery-icon\">\n\t\t<a class=\"fancybox\" href=\"https:\/\/atelier-filmfest.com\/archives\/wp-content\/uploads\/2019\/11\/DSC_3425-684x1024.jpg\" rel=\"gallery-0\"><img width=\"150\" height=\"150\" class=\"attachment-thumbnail\" alt=\"\" src=\"https:\/\/atelier-filmfest.com\/archives\/wp-content\/uploads\/2019\/11\/DSC_3425-150x150.jpg\" \/><\/a><\/dt><\/dl>\n\n<dl class=\"gallery-item\"><dt class=\"gallery-icon\">\n\t\t<a class=\"fancybox\" href=\"https:\/\/atelier-filmfest.com\/archives\/wp-content\/uploads\/2019\/11\/DSC_3428-1024x684.jpg\" rel=\"gallery-0\"><img width=\"150\" height=\"150\" class=\"attachment-thumbnail\" alt=\"\" src=\"https:\/\/atelier-filmfest.com\/archives\/wp-content\/uploads\/2019\/11\/DSC_3428-150x150.jpg\" \/><\/a><\/dt><\/dl>\n\n<\/div><br clear=\"all\" \/><!-- Rendered by FancyBox without labels END -->\n\n<p>&nbsp;<\/p>\n","protected":false},"excerpt":{"rendered":"<p>Du lundi 3 au vendredi 7 f\u00e9vrier 2020 de 10h \u00e0 12h et de 14h \u00e0 16h. Festivals Connexion a collabor\u00e9 avec les festivals d\u2019Annecy, de Clermont-Ferrand et de Roanne pour d\u00e9fendre l\u2019id\u00e9e d\u2019un mat\u00e9riel VR collaboratif pour les festivals r\u00e9gionaux. La r\u00e9gion Auvergne-Rh\u00f4ne-Alpes et la DRAC ont soutenu ce&#8230;<\/p>\n<p><a class='more-link' href='https:\/\/atelier-filmfest.com\/archives\/atelier-realite-virtuelle-sauve-qui-peut-la-vr\/'><span class='screen-reader-text'>Atelier r\u00e9alit\u00e9 virtuelle : Sauve qui peut la VR<\/span><\/a><\/p>","protected":false},"author":8,"featured_media":5525,"comment_status":"closed","ping_status":"open","sticky":false,"template":"","format":"standard","meta":[],"categories":[54],"tags":[],"_links":{"self":[{"href":"https:\/\/atelier-filmfest.com\/archives\/wp-json\/wp\/v2\/posts\/5595"}],"collection":[{"href":"https:\/\/atelier-filmfest.com\/archives\/wp-json\/wp\/v2\/posts"}],"about":[{"href":"https:\/\/atelier-filmfest.com\/archives\/wp-json\/wp\/v2\/types\/post"}],"author":[{"embeddable":true,"href":"https:\/\/atelier-filmfest.com\/archives\/wp-json\/wp\/v2\/users\/8"}],"replies":[{"embeddable":true,"href":"https:\/\/atelier-filmfest.com\/archives\/wp-json\/wp\/v2\/comments?post=5595"}],"version-history":[{"count":8,"href":"https:\/\/atelier-filmfest.com\/archives\/wp-json\/wp\/v2\/posts\/5595\/revisions"}],"predecessor-version":[{"id":6027,"href":"https:\/\/atelier-filmfest.com\/archives\/wp-json\/wp\/v2\/posts\/5595\/revisions\/6027"}],"wp:featuredmedia":[{"embeddable":true,"href":"https:\/\/atelier-filmfest.com\/archives\/wp-json\/wp\/v2\/media\/5525"}],"wp:attachment":[{"href":"https:\/\/atelier-filmfest.com\/archives\/wp-json\/wp\/v2\/media?parent=5595"}],"wp:term":[{"taxonomy":"category","embeddable":true,"href":"https:\/\/atelier-filmfest.com\/archives\/wp-json\/wp\/v2\/categories?post=5595"},{"taxonomy":"post_tag","embeddable":true,"href":"https:\/\/atelier-filmfest.com\/archives\/wp-json\/wp\/v2\/tags?post=5595"}],"curies":[{"name":"wp","href":"https:\/\/api.w.org\/{rel}","templated":true}]}}