 
 {"id":5603,"date":"2019-11-27T15:14:33","date_gmt":"2019-11-27T14:14:33","guid":{"rendered":"https:\/\/atelier-filmfest.com\/?p=5603"},"modified":"2021-03-24T21:27:34","modified_gmt":"2021-03-24T20:27:34","slug":"atelier-studio-photo-2","status":"publish","type":"post","link":"https:\/\/atelier-filmfest.com\/archives\/atelier-studio-photo-2\/","title":{"rendered":"Atelier Studio photo"},"content":{"rendered":"<p>Lors de cette semaine,&nbsp;4 lyc\u00e9ens du bac professionnel photographie du <strong><a href=\"https:\/\/atelier-filmfest.com\/bac-pro-photo-lycee-lafayette\/\" target=\"_blank\" rel=\"noopener noreferrer\">lyc\u00e9e La Fayette<\/a><\/strong> de Clermont-Ferrand animeront un studio photo avec diff\u00e9rents th\u00e8mes dont : le culinaire, la mode, le portrait et les photos de groupes sur le th\u00e8me de la \u00ab&nbsp;ruralit\u00e9&nbsp;\u00bb.<\/p>\n<p>Ils se chargeront \u00e9galement de r\u00e9aliser plusieurs reportages photos au sein de l\u2019atelier.<\/p>\n<p>Les lyc\u00e9ens seront aid\u00e9s pour leurs photos gr\u00e2ce aux interventions de 3 photographes :<\/p>\n<pre style=\"text-align: center;\"><strong>Patrick Andre<\/strong><\/pre>\n<p><img decoding=\"async\" loading=\"lazy\" class=\"aligncenter wp-image-5749 size-medium\" src=\"https:\/\/atelier-filmfest.com\/archives\/wp-content\/uploads\/2019\/11\/patrick-andre-200x300.jpg\" alt=\"\" width=\"200\" height=\"300\" srcset=\"https:\/\/atelier-filmfest.com\/archives\/wp-content\/uploads\/2019\/11\/patrick-andre-200x300.jpg 200w, https:\/\/atelier-filmfest.com\/archives\/wp-content\/uploads\/2019\/11\/patrick-andre-233x350.jpg 233w, https:\/\/atelier-filmfest.com\/archives\/wp-content\/uploads\/2019\/11\/patrick-andre.jpg 683w\" sizes=\"(max-width: 200px) 100vw, 200px\" \/><\/p>\n<p style=\"text-align: left;\">Il s&rsquo;est install\u00e9 \u00e0 Clermont Ferrand en 1982 pour y exercer la photographie apr\u00e8s une formation photo post bac.<br class=\"\">Dans un premier temps il a fait beaucoup de photos publicitaires et industrielles.<br class=\"\">Puis, il s&rsquo;est tourn\u00e9 vers la photo culinaire r\u00e9alisant des photos pour des magazines, des livres de grands chefs<br class=\"\">et autres. La nature morte reste son domaine de pr\u00e9dilection.<\/p>\n<div><\/div>\n<div><\/div>\n<div><strong>Patrick ANDRE Photographe<\/strong><br class=\"\"><a class=\"\" dir=\"ltr\" href=\"http:\/\/mail1.clermont-fd.archi.fr:32224\/?dmVyPTEuMDAxJiY1ZWU1MWNiOTZkZjEwNWViZT01RTIwNkQ1Ml8yNzAwNF84MTUyXzEmJjBiYWM3OWI2MDFlMTRiNT0xMjIzJiZ1cmw9aHR0cCUzQSUyRiUyRnd3dyUyRXBhdHJpY2thbmRyZSUyRWNvbSUyRg==\">www.patrickandre.com<\/a><br class=\"\"><a class=\"\" dir=\"ltr\" href=\"x-apple-data-detectors:\/\/0\/2\">7 rue des Ribes 63170 AUBIERE<\/a><br class=\"\">tel:&nbsp;<a class=\"\" dir=\"ltr\" href=\"tel:09%2052%2011%2018%2094\">09 52 11 18 94<\/a>&nbsp;et&nbsp;<a class=\"\" dir=\"ltr\" href=\"tel:06%2009%2049%2057%2077\">06 09 49 57 77<\/a><\/div>\n<p>&nbsp;<\/p>\n<pre style=\"text-align: center;\"><strong>Jean-Charles Belmont<\/strong><\/pre>\n<p><img decoding=\"async\" loading=\"lazy\" class=\"size-medium wp-image-5748 aligncenter\" src=\"https:\/\/atelier-filmfest.com\/archives\/wp-content\/uploads\/2019\/11\/Belmont-200x300.jpg\" alt=\"\" width=\"200\" height=\"300\" srcset=\"https:\/\/atelier-filmfest.com\/archives\/wp-content\/uploads\/2019\/11\/Belmont-200x300.jpg 200w, https:\/\/atelier-filmfest.com\/archives\/wp-content\/uploads\/2019\/11\/Belmont-233x350.jpg 233w, https:\/\/atelier-filmfest.com\/archives\/wp-content\/uploads\/2019\/11\/Belmont.jpg 450w\" sizes=\"(max-width: 200px) 100vw, 200px\" \/><\/p>\n<p>Bien cach\u00e9 derri\u00e8re sa fameuse m\u00e8che brune, Jean-Charles belmont&nbsp;Photographe publicitaire et mode depuis 15 ans, aime autant s&rsquo;enfermer dans son studio auvergnat que parcourir le globe \u00e0 la recherche du d\u00e9cor parfait pour ses clients. Toujours habill\u00e9 en noir, r\u00e2leur, rarement s\u00e9rieux et se plaignant constamment&nbsp;de son \u00e2ge, il a d\u00e9velopp\u00e9 en revanche une passion pour relever les d\u00e9fis. Autodidacte, il revendique une patte acquise durant un parcours de vie baign\u00e9e dans la culture du skate et du rock&rsquo;n roll.<\/p>\n<p>&nbsp;<\/p>\n<div class=\"\"><span class=\"\" style=\"color: #888888; font-family: trebuchet ms, sans-serif;\"><b class=\"\">Jean-Charles BELMONT<\/b><\/span><\/div>\n<div class=\"\"><span style=\"font-size: 1em;\">co-fondateur \u239cPhotographe Publicitaire<\/span><\/div>\n<div class=\"\">\n<div class=\"\">\n<div class=\"\">\n<div class=\"\"><span class=\"\" style=\"color: #999999;\"><span class=\"\" style=\"font-family: verdana, sans-serif;\">M&nbsp;<a>+33 (6) 6<\/a>4 38 48 11&nbsp;&nbsp;<\/span><\/span><span class=\"\">\u239c &nbsp;<\/span><span class=\"\">T&nbsp;<a>+33 (4) 73 15 96 22<\/a><\/span><\/div>\n<div class=\"\"><span class=\"\"><a class=\"\" href=\"https:\/\/maps.google.com\/?q=23+rue+de+la+Tannerie,+63119+Ch%C3%A2teaugay,+FRANCE&amp;entry=gmail&amp;source=g\" target=\"_blank\" rel=\"noopener noreferrer\">23 rue de la Tannerie, 63119 Ch\u00e2teaugay, FRANCE<\/a><\/span><\/div>\n<\/div>\n<\/div>\n<\/div>\n<p>&nbsp;<\/p>\n<pre style=\"text-align: center;\"><strong>Franck MOUSSEL Styliste culinaire<\/strong><\/pre>\n<p><br class=\"\">Dipl\u00f4m\u00e9 de l&rsquo;\u00e9cole Ferrandi de la chambre de commerce et d&rsquo;industrie de Paris, il a \u00e9t\u00e9 chef de cuisine pendant 20 ans pour se convertir il y a quelques ann\u00e9es dans le stylisme culinaire.&nbsp;<br class=\"\">Passionn\u00e9 par la cuisine et par l&rsquo;image il privil\u00e9gie le naturel et se sp\u00e9cialise dans les mati\u00e8res et plus particuli\u00e8rement le chocolat.<\/p>\n<hr>\n<p><strong>Photos de l&rsquo;Atelier studio photo avec Jean Charles Belmont<\/strong><\/p>\n<!-- Rendered by FancyBox without labels BEGIN -->\n\n\t<style type=\"text\/css\">\n\t\t\t\t\t#gallery-0 {\n\t\t\t\t\t\tmargin: auto;\n\t\t\t\t\t}\n\t\t\t\t\t#gallery-0 .gallery-item {\n\t\t\t\t\t\tfloat: left;\n\t\t\t\t\t\tmargin-top: 10px;\n\t\t\t\t\t\ttext-align: center;\n\t\t\t\t\t\twidth: 32%;\n\t\t\t\t\t}\n\t\t\t\t\t#gallery-0 img {\n\t\t\t\t\t\tborder: 2px solid #cfcfcf;\n\t\t\t\t\t}\n\t\t\t\t\t#gallery-0 .gallery-caption {\n\t\t\t\t\t\tmargin-left: 0;\n\t\t\t\t\t}\n\t<\/style>\n<script type=\"text\/javascript\">\n$(document).ready(function() {\n\t\/*\n\t *  Simple image gallery. Uses default settings\n\t *\/\n\n\t$(\".fancybox\").fancybox({\n\t\t\"transitionIn\"\t\t: \"none\",\n\t\t\"transitionOut\"\t\t: \"none\",\n\t\t\"titlePosition\" \t: \"over\"\n\n\t});\n});\n<\/script>\n\n\t<div id=\"gallery-0\" class=\"gallery galleryid-0 gallery-size-thumbnail\" style=\"\"><dl class=\"gallery-item\"><dt class=\"gallery-icon\">\n\t\t<a class=\"fancybox\" href=\"https:\/\/atelier-filmfest.com\/archives\/wp-content\/uploads\/2019\/11\/Atelier-photo-LAF0210-683x1024.jpeg\" rel=\"gallery-0\"><img width=\"150\" height=\"150\" class=\"attachment-thumbnail\" alt=\"\" src=\"https:\/\/atelier-filmfest.com\/archives\/wp-content\/uploads\/2019\/11\/Atelier-photo-LAF0210-150x150.jpeg\" \/><\/a><\/dt><\/dl>\n\n<dl class=\"gallery-item\"><dt class=\"gallery-icon\">\n\t\t<a class=\"fancybox\" href=\"https:\/\/atelier-filmfest.com\/archives\/wp-content\/uploads\/2019\/11\/Atelier-photo-LAF0260-683x1024.jpeg\" rel=\"gallery-0\"><img width=\"150\" height=\"150\" class=\"attachment-thumbnail\" alt=\"\" src=\"https:\/\/atelier-filmfest.com\/archives\/wp-content\/uploads\/2019\/11\/Atelier-photo-LAF0260-150x150.jpeg\" \/><\/a><\/dt><\/dl>\n\n<dl class=\"gallery-item\"><dt class=\"gallery-icon\">\n\t\t<a class=\"fancybox\" href=\"https:\/\/atelier-filmfest.com\/archives\/wp-content\/uploads\/2019\/11\/Atelier-photo-LAF0276-683x1024.jpeg\" rel=\"gallery-0\"><img width=\"150\" height=\"150\" class=\"attachment-thumbnail\" alt=\"\" src=\"https:\/\/atelier-filmfest.com\/archives\/wp-content\/uploads\/2019\/11\/Atelier-photo-LAF0276-150x150.jpeg\" \/><\/a><\/dt><\/dl>\n\n<\/div><br clear=\"all\" \/><!-- Rendered by FancyBox without labels END -->\n\n<p><strong>Photos de l&rsquo;atelier studio photo de l&rsquo;\u00e9dition 2020 :&nbsp;<\/strong><\/p>\n<p>&nbsp;<\/p>\n<!-- Rendered by FancyBox without labels BEGIN -->\n\n\t<style type=\"text\/css\">\n\t\t\t\t\t#gallery-1 {\n\t\t\t\t\t\tmargin: auto;\n\t\t\t\t\t}\n\t\t\t\t\t#gallery-1 .gallery-item {\n\t\t\t\t\t\tfloat: left;\n\t\t\t\t\t\tmargin-top: 10px;\n\t\t\t\t\t\ttext-align: center;\n\t\t\t\t\t\twidth: 32%;\n\t\t\t\t\t}\n\t\t\t\t\t#gallery-1 img {\n\t\t\t\t\t\tborder: 2px solid #cfcfcf;\n\t\t\t\t\t}\n\t\t\t\t\t#gallery-1 .gallery-caption {\n\t\t\t\t\t\tmargin-left: 0;\n\t\t\t\t\t}\n\t<\/style>\n<script type=\"text\/javascript\">\n$(document).ready(function() {\n\t\/*\n\t *  Simple image gallery. Uses default settings\n\t *\/\n\n\t$(\".fancybox\").fancybox({\n\t\t\"transitionIn\"\t\t: \"none\",\n\t\t\"transitionOut\"\t\t: \"none\",\n\t\t\"titlePosition\" \t: \"over\"\n\n\t});\n});\n<\/script>\n\n\t<div id=\"gallery-1\" class=\"gallery galleryid-1 gallery-size-thumbnail\" style=\"\"><dl class=\"gallery-item\"><dt class=\"gallery-icon\">\n\t\t<a class=\"fancybox\" href=\"https:\/\/atelier-filmfest.com\/archives\/wp-content\/uploads\/2019\/11\/DSC_2364-1024x684.jpg\" rel=\"gallery-1\"><img width=\"150\" height=\"150\" class=\"attachment-thumbnail\" alt=\"\" src=\"https:\/\/atelier-filmfest.com\/archives\/wp-content\/uploads\/2019\/11\/DSC_2364-150x150.jpg\" \/><\/a><\/dt><\/dl>\n\n<dl class=\"gallery-item\"><dt class=\"gallery-icon\">\n\t\t<a class=\"fancybox\" href=\"https:\/\/atelier-filmfest.com\/archives\/wp-content\/uploads\/2019\/11\/DSC00036-1024x683.jpg\" rel=\"gallery-1\"><img width=\"150\" height=\"150\" class=\"attachment-thumbnail\" alt=\"\" src=\"https:\/\/atelier-filmfest.com\/archives\/wp-content\/uploads\/2019\/11\/DSC00036-150x150.jpg\" \/><\/a><\/dt><\/dl>\n\n<dl class=\"gallery-item\"><dt class=\"gallery-icon\">\n\t\t<a class=\"fancybox\" href=\"https:\/\/atelier-filmfest.com\/archives\/wp-content\/uploads\/2019\/11\/DSC00035-683x1024.jpg\" rel=\"gallery-1\"><img width=\"150\" height=\"150\" class=\"attachment-thumbnail\" alt=\"\" src=\"https:\/\/atelier-filmfest.com\/archives\/wp-content\/uploads\/2019\/11\/DSC00035-150x150.jpg\" \/><\/a><\/dt><\/dl>\n\n<dl class=\"gallery-item\"><dt class=\"gallery-icon\">\n\t\t<a class=\"fancybox\" href=\"https:\/\/atelier-filmfest.com\/archives\/wp-content\/uploads\/2019\/11\/DSC00048-683x1024.jpg\" rel=\"gallery-1\"><img width=\"150\" height=\"150\" class=\"attachment-thumbnail\" alt=\"\" src=\"https:\/\/atelier-filmfest.com\/archives\/wp-content\/uploads\/2019\/11\/DSC00048-150x150.jpg\" \/><\/a><\/dt><\/dl>\n\n<dl class=\"gallery-item\"><dt class=\"gallery-icon\">\n\t\t<a class=\"fancybox\" href=\"https:\/\/atelier-filmfest.com\/archives\/wp-content\/uploads\/2019\/11\/P1070631-copie-2-1024x784.jpg\" rel=\"gallery-1\"><img width=\"150\" height=\"150\" class=\"attachment-thumbnail\" alt=\"\" src=\"https:\/\/atelier-filmfest.com\/archives\/wp-content\/uploads\/2019\/11\/P1070631-copie-2-150x150.jpg\" \/><\/a><\/dt><\/dl>\n\n<dl class=\"gallery-item\"><dt class=\"gallery-icon\">\n\t\t<a class=\"fancybox\" href=\"https:\/\/atelier-filmfest.com\/archives\/wp-content\/uploads\/2019\/11\/DSC_2753-1024x818.jpg\" rel=\"gallery-1\"><img width=\"150\" height=\"150\" class=\"attachment-thumbnail\" alt=\"\" src=\"https:\/\/atelier-filmfest.com\/archives\/wp-content\/uploads\/2019\/11\/DSC_2753-150x150.jpg\" \/><\/a><\/dt><\/dl>\n\n<dl class=\"gallery-item\"><dt class=\"gallery-icon\">\n\t\t<a class=\"fancybox\" href=\"https:\/\/atelier-filmfest.com\/archives\/wp-content\/uploads\/2019\/11\/DSC_3224-1024x684.jpg\" rel=\"gallery-1\"><img width=\"150\" height=\"150\" class=\"attachment-thumbnail\" alt=\"\" src=\"https:\/\/atelier-filmfest.com\/archives\/wp-content\/uploads\/2019\/11\/DSC_3224-150x150.jpg\" \/><\/a><\/dt><\/dl>\n\n<dl class=\"gallery-item\"><dt class=\"gallery-icon\">\n\t\t<a class=\"fancybox\" href=\"https:\/\/atelier-filmfest.com\/archives\/wp-content\/uploads\/2019\/11\/DSC_3231-1024x684.jpg\" rel=\"gallery-1\"><img width=\"150\" height=\"150\" class=\"attachment-thumbnail\" alt=\"\" src=\"https:\/\/atelier-filmfest.com\/archives\/wp-content\/uploads\/2019\/11\/DSC_3231-150x150.jpg\" \/><\/a><\/dt><\/dl>\n\n<\/div><br clear=\"all\" \/><!-- Rendered by FancyBox without labels END -->\n\n","protected":false},"excerpt":{"rendered":"<p>Lors de cette semaine,&nbsp;4 lyc\u00e9ens du bac professionnel photographie du lyc\u00e9e La Fayette de Clermont-Ferrand animeront un studio photo avec diff\u00e9rents th\u00e8mes dont : le culinaire, la mode, le portrait et les photos de groupes sur le th\u00e8me de la \u00ab&nbsp;ruralit\u00e9&nbsp;\u00bb. Ils se chargeront \u00e9galement de r\u00e9aliser plusieurs reportages photos&#8230;<\/p>\n<p><a class='more-link' href='https:\/\/atelier-filmfest.com\/archives\/atelier-studio-photo-2\/'><span class='screen-reader-text'>Atelier Studio photo<\/span><\/a><\/p>","protected":false},"author":8,"featured_media":5660,"comment_status":"closed","ping_status":"open","sticky":false,"template":"","format":"standard","meta":[],"categories":[54],"tags":[],"_links":{"self":[{"href":"https:\/\/atelier-filmfest.com\/archives\/wp-json\/wp\/v2\/posts\/5603"}],"collection":[{"href":"https:\/\/atelier-filmfest.com\/archives\/wp-json\/wp\/v2\/posts"}],"about":[{"href":"https:\/\/atelier-filmfest.com\/archives\/wp-json\/wp\/v2\/types\/post"}],"author":[{"embeddable":true,"href":"https:\/\/atelier-filmfest.com\/archives\/wp-json\/wp\/v2\/users\/8"}],"replies":[{"embeddable":true,"href":"https:\/\/atelier-filmfest.com\/archives\/wp-json\/wp\/v2\/comments?post=5603"}],"version-history":[{"count":7,"href":"https:\/\/atelier-filmfest.com\/archives\/wp-json\/wp\/v2\/posts\/5603\/revisions"}],"predecessor-version":[{"id":6291,"href":"https:\/\/atelier-filmfest.com\/archives\/wp-json\/wp\/v2\/posts\/5603\/revisions\/6291"}],"wp:featuredmedia":[{"embeddable":true,"href":"https:\/\/atelier-filmfest.com\/archives\/wp-json\/wp\/v2\/media\/5660"}],"wp:attachment":[{"href":"https:\/\/atelier-filmfest.com\/archives\/wp-json\/wp\/v2\/media?parent=5603"}],"wp:term":[{"taxonomy":"category","embeddable":true,"href":"https:\/\/atelier-filmfest.com\/archives\/wp-json\/wp\/v2\/categories?post=5603"},{"taxonomy":"post_tag","embeddable":true,"href":"https:\/\/atelier-filmfest.com\/archives\/wp-json\/wp\/v2\/tags?post=5603"}],"curies":[{"name":"wp","href":"https:\/\/api.w.org\/{rel}","templated":true}]}}