 
 {"id":5687,"date":"2019-12-19T16:27:03","date_gmt":"2019-12-19T15:27:03","guid":{"rendered":"https:\/\/atelier-filmfest.com\/?p=5687"},"modified":"2021-03-24T21:27:34","modified_gmt":"2021-03-24T20:27:34","slug":"atelier-voxel-court-metrage-immersif-par-les-etudiants-de-lecole-national-superieure-darchitecture-de-nantes","status":"publish","type":"post","link":"https:\/\/atelier-filmfest.com\/archives\/atelier-voxel-court-metrage-immersif-par-les-etudiants-de-lecole-national-superieure-darchitecture-de-nantes\/","title":{"rendered":"Atelier VOXEL, court m\u00e9trage immersif"},"content":{"rendered":"<h4><strong>Un projet des \u00e9tudiants de l&rsquo;<a href=\"https:\/\/atelier-filmfest.com\/ensa-nantes\/\" target=\"_blank\" rel=\"noopener noreferrer\">\u00c9cole National Sup\u00e9rieure d&rsquo;Architecture de Nantes<\/a> 2019-2020<\/strong><\/h4>\n<p><img decoding=\"async\" loading=\"lazy\" class=\"size-medium wp-image-5690 aligncenter\" src=\"https:\/\/atelier-filmfest.com\/archives\/wp-content\/uploads\/2019\/12\/2-1-229x300.jpg\" alt=\"\" width=\"229\" height=\"300\" srcset=\"https:\/\/atelier-filmfest.com\/archives\/wp-content\/uploads\/2019\/12\/2-1-229x300.jpg 229w, https:\/\/atelier-filmfest.com\/archives\/wp-content\/uploads\/2019\/12\/2-1-268x350.jpg 268w, https:\/\/atelier-filmfest.com\/archives\/wp-content\/uploads\/2019\/12\/2-1.jpg 702w\" sizes=\"(max-width: 229px) 100vw, 229px\" \/><\/p>\n<p>&nbsp;<\/p>\n<h5><strong>Un Court M\u00e9trage \u00e0 360 degr\u00e9s en r\u00e9alit\u00e9 augment\u00e9e<\/strong><\/h5>\n<p>Ce projet se propose d&rsquo;exp\u00e9rimenter les techniques de conception, de r\u00e9alisation et de post-production d&rsquo;un court-m\u00e9trage \u00e0 360\u00b0, un sujet encore peu abord\u00e9, novateur, r\u00e9sonnant avec l&rsquo;essor grandissant de la r\u00e9alit\u00e9 virtuelle.<\/p>\n<p>C&rsquo;est dans le cadre de l&rsquo;option de Master \u00ab\u00a0Architecture en Repr\u00e9sentation\u00a0\u00bb de l&rsquo;\u00c9cole Nationale Sup\u00e9rieure d&rsquo;Architecture de Nantes que 17 \u00e9tudiants r\u00e9fl\u00e9chissent \u00e0 cette nouvelle facette du cin\u00e9ma et tous les enjeux que portent le 360 et la VR.<\/p>\n<p>&nbsp;<\/p>\n<p><img decoding=\"async\" loading=\"lazy\" class=\"size-medium wp-image-5700 aligncenter\" src=\"https:\/\/atelier-filmfest.com\/archives\/wp-content\/uploads\/2019\/12\/3-229x300.jpg\" alt=\"\" width=\"229\" height=\"300\" srcset=\"https:\/\/atelier-filmfest.com\/archives\/wp-content\/uploads\/2019\/12\/3-229x300.jpg 229w, https:\/\/atelier-filmfest.com\/archives\/wp-content\/uploads\/2019\/12\/3-267x350.jpg 267w, https:\/\/atelier-filmfest.com\/archives\/wp-content\/uploads\/2019\/12\/3.jpg 696w\" sizes=\"(max-width: 229px) 100vw, 229px\" \/><\/p>\n<p>&nbsp;<\/p>\n<h5><strong>Un projet parrain\u00e9 par le r\u00e9alisateur Marc Caro<\/strong><\/h5>\n<p>C&rsquo;est la deuxi\u00e8me ann\u00e9e que cette option de Master a la chance de compter sur la pr\u00e9sence du cin\u00e9aste Marc Caro : \u00e0 la gen\u00e8se du projet, il guide et conseille l&rsquo;\u00e9quipe d&rsquo;\u00e9tudiants tout au long du Semestre.<\/p>\n<p>&nbsp;<\/p>\n<p><img decoding=\"async\" loading=\"lazy\" class=\"size-medium wp-image-5701 aligncenter\" src=\"https:\/\/atelier-filmfest.com\/archives\/wp-content\/uploads\/2019\/12\/4-255x300.jpg\" alt=\"\" width=\"255\" height=\"300\" srcset=\"https:\/\/atelier-filmfest.com\/archives\/wp-content\/uploads\/2019\/12\/4-255x300.jpg 255w, https:\/\/atelier-filmfest.com\/archives\/wp-content\/uploads\/2019\/12\/4-768x904.jpg 768w, https:\/\/atelier-filmfest.com\/archives\/wp-content\/uploads\/2019\/12\/4-298x350.jpg 298w, https:\/\/atelier-filmfest.com\/archives\/wp-content\/uploads\/2019\/12\/4.jpg 782w\" sizes=\"(max-width: 255px) 100vw, 255px\" \/><\/p>\n<h5><strong>L&rsquo;exp\u00e9rimentation d&rsquo;un&nbsp;projet de A \u00e0 Z<\/strong><\/h5>\n<p>Ces r\u00e9flexions prennent forme dans une oeuvre globale : la trame sc\u00e9naristique, la conception d&rsquo;un d\u00e9cor, la r\u00e9alisation d&rsquo;une maquette de celui-ci, le tournage d&rsquo;une actrice sur fond vert, la post-production et finalement la diffusion du court m\u00e9trage sont autant d&rsquo;axes ici d\u00e9velopp\u00e9s.<\/p>\n<p>Fin janvier 2020, le projet se concr\u00e9tise donc par un court m\u00e9trage d&rsquo;une dur\u00e9e d&rsquo;environ 5 minutes visionnaire avec un casque VR, accompagn\u00e9 d&rsquo;une maquette du d\u00e9cor de ce dernier, maquette qui se veut ludique, interactive et maniable par le public.<\/p>\n<h4><\/h4>\n<p><img decoding=\"async\" loading=\"lazy\" class=\"size-medium wp-image-5704 aligncenter\" src=\"https:\/\/atelier-filmfest.com\/archives\/wp-content\/uploads\/2019\/12\/8-221x300.jpg\" alt=\"\" width=\"221\" height=\"300\" srcset=\"https:\/\/atelier-filmfest.com\/archives\/wp-content\/uploads\/2019\/12\/8-221x300.jpg 221w, https:\/\/atelier-filmfest.com\/archives\/wp-content\/uploads\/2019\/12\/8-258x350.jpg 258w, https:\/\/atelier-filmfest.com\/archives\/wp-content\/uploads\/2019\/12\/8.jpg 680w\" sizes=\"(max-width: 221px) 100vw, 221px\" \/><\/p>\n<h4><strong>Le projet VOXEL s&rsquo;invite \u00e0 Clermont-Ferrand !<\/strong><\/h4>\n<h5><strong>La diffusion aupr\u00e8s d&rsquo;un public int\u00e9ress\u00e9<\/strong><\/h5>\n<p>Un tel projet se pr\u00eate bien \u00e0 la mise en d\u00e9bat autour du cin\u00e9ma 360 : des nouvelles techniques \u00e0 mettre en oeuvre lors d&rsquo;un tournage aux moyens de diffusions, comme exp\u00e9rience collective ou individuelle, en passant par la construction m\u00eame de l&rsquo;intrigue&#8230;Le sujet est vaste et ouvert aux discussions.<\/p>\n<p>Il serait donc tout \u00e0 fait int\u00e9ressant de pouvoir l&rsquo;exposer dans le cadre d&rsquo;un festival d\u00e9di\u00e9 au Court M\u00e9trage et toujours sur le qui-vive des \u00e9volutions et devenirs de cet art. Notons par ailleurs que Marc Caro, parrain du projet, y v\u00e9cut ses d\u00e9buts de cin\u00e9aste&#8230;<\/p>\n<p>Nous nous proposons d&rsquo;amener \u00e0 Clermont-Ferrand notre maquette de d\u00e9cor (1 m\u00e8tre sur 2 m\u00e8tres), des casques VR afin de diffuser aux spectateurs int\u00e9ress\u00e9s le court m\u00e9trage r\u00e9alis\u00e9, des supports papier expliquant le projet. De plus, une bonne partie de notre \u00e9quipe se mobilisera, motiv\u00e9e et dispos\u00e9e \u00e0 expliquer et discuter avec le public des processus utilis\u00e9s pour la r\u00e9alisation du court m\u00e9trage, des difficult\u00e9s rencontr\u00e9es, des suites possibles \u00e0 donner \u00e0 cette premi\u00e8re exp\u00e9rience&#8230;<\/p>\n<p>&nbsp;<\/p>\n<h5><img decoding=\"async\" loading=\"lazy\" class=\"size-medium wp-image-5702 aligncenter\" src=\"https:\/\/atelier-filmfest.com\/archives\/wp-content\/uploads\/2019\/12\/5-225x300.jpg\" alt=\"\" width=\"225\" height=\"300\" srcset=\"https:\/\/atelier-filmfest.com\/archives\/wp-content\/uploads\/2019\/12\/5-225x300.jpg 225w, https:\/\/atelier-filmfest.com\/archives\/wp-content\/uploads\/2019\/12\/5-263x350.jpg 263w, https:\/\/atelier-filmfest.com\/archives\/wp-content\/uploads\/2019\/12\/5.jpg 690w\" sizes=\"(max-width: 225px) 100vw, 225px\" \/><\/h5>\n<h5><strong>VOXEL &#8211; Pitch du court m\u00e9trage<\/strong><\/h5>\n<p>Vous \u00eates ici t\u00e9moins d&rsquo;une exp\u00e9rience comportementale en huis-clos mettant en sc\u00e8ne un personnage qui joue, lutte contre son propre reflet dans un espace tram\u00e9 compos\u00e9 d&rsquo;une multitude de modules Voxels. Coulissant, sortant des murs, du plafond, du sol, tant\u00f4t translucides, lumineux, r\u00e9duisant ou agrandissant l&rsquo;espace, ils plongent le spectateur dans un univers oppressant, ambigu, o\u00f9 le miroir et la r\u00e9alit\u00e9 se confondent et nous font perdre pied&#8230;<\/p>\n<p>La maquette du d\u00e9cor, r\u00e9alis\u00e9e \u00e0 l&rsquo;\u00e9chelle 1\/5\u00e8me, est compos\u00e9e de panneaux de bois et de cubes en polycarbonate. Y sont int\u00e9gr\u00e9s de multiples m\u00e9canismes (poulies, cordages, engrenages, rails) permettant les mouvements des modules Voxels. Ils sont manipulables \u00e0 la main.<\/p>\n<hr>\n<p><strong>Photos de l&rsquo;Atelier VOXEL de l&rsquo;\u00e9dition 2020 :<\/strong><\/p>\n<!-- Rendered by FancyBox without labels BEGIN -->\n\n\t<style type=\"text\/css\">\n\t\t\t\t\t#gallery-0 {\n\t\t\t\t\t\tmargin: auto;\n\t\t\t\t\t}\n\t\t\t\t\t#gallery-0 .gallery-item {\n\t\t\t\t\t\tfloat: left;\n\t\t\t\t\t\tmargin-top: 10px;\n\t\t\t\t\t\ttext-align: center;\n\t\t\t\t\t\twidth: 32%;\n\t\t\t\t\t}\n\t\t\t\t\t#gallery-0 img {\n\t\t\t\t\t\tborder: 2px solid #cfcfcf;\n\t\t\t\t\t}\n\t\t\t\t\t#gallery-0 .gallery-caption {\n\t\t\t\t\t\tmargin-left: 0;\n\t\t\t\t\t}\n\t<\/style>\n<script type=\"text\/javascript\">\n$(document).ready(function() {\n\t\/*\n\t *  Simple image gallery. Uses default settings\n\t *\/\n\n\t$(\".fancybox\").fancybox({\n\t\t\"transitionIn\"\t\t: \"none\",\n\t\t\"transitionOut\"\t\t: \"none\",\n\t\t\"titlePosition\" \t: \"over\"\n\n\t});\n});\n<\/script>\n\n\t<div id=\"gallery-0\" class=\"gallery galleryid-0 gallery-size-thumbnail\" style=\"\"><dl class=\"gallery-item\"><dt class=\"gallery-icon\">\n\t\t<a class=\"fancybox\" href=\"https:\/\/atelier-filmfest.com\/archives\/wp-content\/uploads\/2019\/12\/\u220fLYCEE_LAFAYETTE-2967-1024x684.jpg\" rel=\"gallery-0\"><img width=\"150\" height=\"150\" class=\"attachment-thumbnail\" alt=\"\" src=\"https:\/\/atelier-filmfest.com\/archives\/wp-content\/uploads\/2019\/12\/\u220fLYCEE_LAFAYETTE-2967-150x150.jpg\" \/><\/a><\/dt><\/dl>\n\n<dl class=\"gallery-item\"><dt class=\"gallery-icon\">\n\t\t<a class=\"fancybox\" href=\"https:\/\/atelier-filmfest.com\/archives\/wp-content\/uploads\/2019\/12\/DSC_0045.jpg\" rel=\"gallery-0\"><img width=\"150\" height=\"150\" class=\"attachment-thumbnail\" alt=\"\" src=\"https:\/\/atelier-filmfest.com\/archives\/wp-content\/uploads\/2019\/12\/DSC_0045-150x150.jpg\" \/><\/a><\/dt><\/dl>\n\n<dl class=\"gallery-item\"><dt class=\"gallery-icon\">\n\t\t<a class=\"fancybox\" href=\"https:\/\/atelier-filmfest.com\/archives\/wp-content\/uploads\/2019\/12\/Atelier-9-copie.jpg\" rel=\"gallery-0\"><img width=\"150\" height=\"150\" class=\"attachment-thumbnail\" alt=\"\" src=\"https:\/\/atelier-filmfest.com\/archives\/wp-content\/uploads\/2019\/12\/Atelier-9-copie-150x150.jpg\" \/><\/a><\/dt><\/dl>\n\n<dl class=\"gallery-item\"><dt class=\"gallery-icon\">\n\t\t<a class=\"fancybox\" href=\"https:\/\/atelier-filmfest.com\/archives\/wp-content\/uploads\/2019\/12\/DSC_2734-1024x684.jpg\" rel=\"gallery-0\"><img width=\"150\" height=\"150\" class=\"attachment-thumbnail\" alt=\"\" src=\"https:\/\/atelier-filmfest.com\/archives\/wp-content\/uploads\/2019\/12\/DSC_2734-150x150.jpg\" \/><\/a><\/dt><\/dl>\n\n<dl class=\"gallery-item\"><dt class=\"gallery-icon\">\n\t\t<a class=\"fancybox\" href=\"https:\/\/atelier-filmfest.com\/archives\/wp-content\/uploads\/2019\/12\/Atelier-8-copie-1024x683.jpg\" rel=\"gallery-0\"><img width=\"150\" height=\"150\" class=\"attachment-thumbnail\" alt=\"\" src=\"https:\/\/atelier-filmfest.com\/archives\/wp-content\/uploads\/2019\/12\/Atelier-8-copie-150x150.jpg\" \/><\/a><\/dt><\/dl>\n\n<dl class=\"gallery-item\"><dt class=\"gallery-icon\">\n\t\t<a class=\"fancybox\" href=\"https:\/\/atelier-filmfest.com\/archives\/wp-content\/uploads\/2019\/12\/Atelier-6-copie-1024x683.jpg\" rel=\"gallery-0\"><img width=\"150\" height=\"150\" class=\"attachment-thumbnail\" alt=\"\" src=\"https:\/\/atelier-filmfest.com\/archives\/wp-content\/uploads\/2019\/12\/Atelier-6-copie-150x150.jpg\" \/><\/a><\/dt><\/dl>\n\n<dl class=\"gallery-item\"><dt class=\"gallery-icon\">\n\t\t<a class=\"fancybox\" href=\"https:\/\/atelier-filmfest.com\/archives\/wp-content\/uploads\/2019\/12\/Atelier-7-copie-683x1024.jpg\" rel=\"gallery-0\"><img width=\"150\" height=\"150\" class=\"attachment-thumbnail\" alt=\"\" src=\"https:\/\/atelier-filmfest.com\/archives\/wp-content\/uploads\/2019\/12\/Atelier-7-copie-150x150.jpg\" \/><\/a><\/dt><\/dl>\n\n<\/div><br clear=\"all\" \/><!-- Rendered by FancyBox without labels END -->\n\n<p>&nbsp;<\/p>\n","protected":false},"excerpt":{"rendered":"<p>Un projet des \u00e9tudiants de l&rsquo;\u00c9cole National Sup\u00e9rieure d&rsquo;Architecture de Nantes 2019-2020 &nbsp; Un Court M\u00e9trage \u00e0 360 degr\u00e9s en r\u00e9alit\u00e9 augment\u00e9e Ce projet se propose d&rsquo;exp\u00e9rimenter les techniques de conception, de r\u00e9alisation et de post-production d&rsquo;un court-m\u00e9trage \u00e0 360\u00b0, un sujet encore peu abord\u00e9, novateur, r\u00e9sonnant avec l&rsquo;essor grandissant&#8230;<\/p>\n<p><a class='more-link' href='https:\/\/atelier-filmfest.com\/archives\/atelier-voxel-court-metrage-immersif-par-les-etudiants-de-lecole-national-superieure-darchitecture-de-nantes\/'><span class='screen-reader-text'>Atelier VOXEL, court m\u00e9trage immersif<\/span><\/a><\/p>","protected":false},"author":8,"featured_media":5688,"comment_status":"closed","ping_status":"open","sticky":false,"template":"","format":"standard","meta":[],"categories":[54],"tags":[],"_links":{"self":[{"href":"https:\/\/atelier-filmfest.com\/archives\/wp-json\/wp\/v2\/posts\/5687"}],"collection":[{"href":"https:\/\/atelier-filmfest.com\/archives\/wp-json\/wp\/v2\/posts"}],"about":[{"href":"https:\/\/atelier-filmfest.com\/archives\/wp-json\/wp\/v2\/types\/post"}],"author":[{"embeddable":true,"href":"https:\/\/atelier-filmfest.com\/archives\/wp-json\/wp\/v2\/users\/8"}],"replies":[{"embeddable":true,"href":"https:\/\/atelier-filmfest.com\/archives\/wp-json\/wp\/v2\/comments?post=5687"}],"version-history":[{"count":7,"href":"https:\/\/atelier-filmfest.com\/archives\/wp-json\/wp\/v2\/posts\/5687\/revisions"}],"predecessor-version":[{"id":6026,"href":"https:\/\/atelier-filmfest.com\/archives\/wp-json\/wp\/v2\/posts\/5687\/revisions\/6026"}],"wp:featuredmedia":[{"embeddable":true,"href":"https:\/\/atelier-filmfest.com\/archives\/wp-json\/wp\/v2\/media\/5688"}],"wp:attachment":[{"href":"https:\/\/atelier-filmfest.com\/archives\/wp-json\/wp\/v2\/media?parent=5687"}],"wp:term":[{"taxonomy":"category","embeddable":true,"href":"https:\/\/atelier-filmfest.com\/archives\/wp-json\/wp\/v2\/categories?post=5687"},{"taxonomy":"post_tag","embeddable":true,"href":"https:\/\/atelier-filmfest.com\/archives\/wp-json\/wp\/v2\/tags?post=5687"}],"curies":[{"name":"wp","href":"https:\/\/api.w.org\/{rel}","templated":true}]}}