 
 {"id":5970,"date":"2020-03-24T20:24:56","date_gmt":"2020-03-24T19:24:56","guid":{"rendered":"https:\/\/atelier-filmfest.com\/?p=5970"},"modified":"2021-03-24T21:27:34","modified_gmt":"2021-03-24T20:27:34","slug":"revivez-la-17e-edition-de-latelier-en-video","status":"publish","type":"post","link":"https:\/\/atelier-filmfest.com\/archives\/revivez-la-17e-edition-de-latelier-en-video\/","title":{"rendered":"Revivez la 17e \u00e9dition de l&rsquo;Atelier en vid\u00e9o !"},"content":{"rendered":"<h3 style=\"text-align: center;\"><strong>La vid\u00e9o de cette derni\u00e8re \u00e9dition est arriv\u00e9e !<\/strong><\/h3>\n<p><iframe loading=\"lazy\" title=\"L&amp;rsquo;Atelier 2020 - Festival du court m&amp;eacute;trage de Clermont-Ferrand\" src=\"https:\/\/player.vimeo.com\/video\/400362071?dnt=1&amp;app_id=122963\" width=\"500\" height=\"281\" frameborder=\"0\" allow=\"autoplay; fullscreen; picture-in-picture\" allowfullscreen><\/iframe><\/p>\n<p><strong>\u00a9&nbsp;Delphine BELLARD BOCHNIAK<\/strong><\/p>\n","protected":false},"excerpt":{"rendered":"<p>La vid\u00e9o de cette derni\u00e8re \u00e9dition est arriv\u00e9e ! \u00a9&nbsp;Delphine BELLARD BOCHNIAK<\/p>\n<p><a class='more-link' href='https:\/\/atelier-filmfest.com\/archives\/revivez-la-17e-edition-de-latelier-en-video\/'><span class='screen-reader-text'>Revivez la 17e \u00e9dition de l&rsquo;Atelier en vid\u00e9o !<\/span><\/a><\/p>","protected":false},"author":8,"featured_media":5973,"comment_status":"closed","ping_status":"open","sticky":false,"template":"","format":"standard","meta":[],"categories":[54],"tags":[],"_links":{"self":[{"href":"https:\/\/atelier-filmfest.com\/archives\/wp-json\/wp\/v2\/posts\/5970"}],"collection":[{"href":"https:\/\/atelier-filmfest.com\/archives\/wp-json\/wp\/v2\/posts"}],"about":[{"href":"https:\/\/atelier-filmfest.com\/archives\/wp-json\/wp\/v2\/types\/post"}],"author":[{"embeddable":true,"href":"https:\/\/atelier-filmfest.com\/archives\/wp-json\/wp\/v2\/users\/8"}],"replies":[{"embeddable":true,"href":"https:\/\/atelier-filmfest.com\/archives\/wp-json\/wp\/v2\/comments?post=5970"}],"version-history":[{"count":9,"href":"https:\/\/atelier-filmfest.com\/archives\/wp-json\/wp\/v2\/posts\/5970\/revisions"}],"predecessor-version":[{"id":6030,"href":"https:\/\/atelier-filmfest.com\/archives\/wp-json\/wp\/v2\/posts\/5970\/revisions\/6030"}],"wp:featuredmedia":[{"embeddable":true,"href":"https:\/\/atelier-filmfest.com\/archives\/wp-json\/wp\/v2\/media\/5973"}],"wp:attachment":[{"href":"https:\/\/atelier-filmfest.com\/archives\/wp-json\/wp\/v2\/media?parent=5970"}],"wp:term":[{"taxonomy":"category","embeddable":true,"href":"https:\/\/atelier-filmfest.com\/archives\/wp-json\/wp\/v2\/categories?post=5970"},{"taxonomy":"post_tag","embeddable":true,"href":"https:\/\/atelier-filmfest.com\/archives\/wp-json\/wp\/v2\/tags?post=5970"}],"curies":[{"name":"wp","href":"https:\/\/api.w.org\/{rel}","templated":true}]}}